{"id":3654,"date":"2022-02-04T18:05:18","date_gmt":"2022-02-04T18:05:18","guid":{"rendered":"https:\/\/zdronu.sk\/?p=3654"},"modified":"2022-08-18T12:04:19","modified_gmt":"2022-08-18T12:04:19","slug":"letecke-zabery-prazdnej-bratislavy-pocas-najtvrdsieho-lockdownu-03-2020","status":"publish","type":"post","link":"https:\/\/zdronu.sk\/en\/letecke-zabery-prazdnej-bratislavy-pocas-najtvrdsieho-lockdownu-03-2020\/","title":{"rendered":"Aerial shots of empty Bratislava during the toughest lockdown - 03\/2020"},"content":{"rendered":"<figure class=\"wp-block-embed is-type-video is-provider-youtube wp-block-embed-youtube wp-embed-aspect-16-9 wp-has-aspect-ratio\"><div class=\"wp-block-embed__wrapper\">\n<iframe loading=\"lazy\" title=\"Aerial shots of Bratislava during the pandemic 03\/2020 - BRATISLAVA COVID-19 Empty City After Lockdown\" width=\"500\" height=\"281\" src=\"https:\/\/www.youtube.com\/embed\/UmsOdjB_PpY?feature=oembed\" frameborder=\"0\" allow=\"accelerometer; autoplay; clipboard-write; encrypted-media; gyroscope; picture-in-picture; web-share\" referrerpolicy=\"strict-origin-when-cross-origin\" allowfullscreen><\/iframe>\n<\/div><\/figure>","protected":false},"excerpt":{"rendered":"","protected":false},"author":3,"featured_media":5491,"comment_status":"closed","ping_status":"open","sticky":false,"template":"","format":"standard","meta":{"inline_featured_image":false,"footnotes":""},"categories":[19],"tags":[],"class_list":["post-3654","post","type-post","status-publish","format-standard","has-post-thumbnail","hentry","category-video"],"yoast_head":"<!-- This site is optimized with the Yoast SEO plugin v27.5 - https:\/\/yoast.com\/product\/yoast-seo-wordpress\/ -->\n<title>Leteck\u00e9 z\u00e1bery pr\u00e1zdnej Bratislavy po\u010das najtvrd\u0161ieho lockdownu - 03\/2020 | Zdronu<\/title>\n<meta name=\"robots\" content=\"noindex, follow\" \/>\n<meta property=\"og:locale\" content=\"en_GB\" \/>\n<meta property=\"og:type\" content=\"article\" \/>\n<meta property=\"og:title\" content=\"Leteck\u00e9 z\u00e1bery pr\u00e1zdnej Bratislavy po\u010das najtvrd\u0161ieho lockdownu - 03\/2020 | Zdronu\" \/>\n<meta property=\"og:url\" content=\"https:\/\/zdronu.sk\/en\/letecke-zabery-prazdnej-bratislavy-pocas-najtvrdsieho-lockdownu-03-2020\/\" \/>\n<meta property=\"og:site_name\" content=\"Zdronu\" \/>\n<meta property=\"article:published_time\" content=\"2022-02-04T18:05:18+00:00\" \/>\n<meta property=\"article:modified_time\" content=\"2022-08-18T12:04:19+00:00\" \/>\n<meta property=\"og:image\" content=\"https:\/\/zdronu.sk\/wp-content\/uploads\/2022\/02\/CovidBA.jpg\" \/>\n\t<meta property=\"og:image:width\" content=\"1280\" \/>\n\t<meta property=\"og:image:height\" content=\"720\" \/>\n\t<meta property=\"og:image:type\" content=\"image\/jpeg\" \/>\n<meta name=\"author\" content=\"Richard Raymann\" \/>\n<meta name=\"twitter:card\" content=\"summary_large_image\" \/>\n<meta name=\"twitter:label1\" content=\"Written by\" \/>\n\t<meta name=\"twitter:data1\" content=\"Richard Raymann\" \/>\n<script type=\"application\/ld+json\" class=\"yoast-schema-graph\">{\"@context\":\"https:\\\/\\\/schema.org\",\"@graph\":[{\"@type\":\"Article\",\"@id\":\"https:\\\/\\\/zdronu.sk\\\/letecke-zabery-prazdnej-bratislavy-pocas-najtvrdsieho-lockdownu-03-2020\\\/#article\",\"isPartOf\":{\"@id\":\"https:\\\/\\\/zdronu.sk\\\/letecke-zabery-prazdnej-bratislavy-pocas-najtvrdsieho-lockdownu-03-2020\\\/\"},\"author\":{\"name\":\"Richard Raymann\",\"@id\":\"https:\\\/\\\/zdronu.sk\\\/#\\\/schema\\\/person\\\/072a6dfb6a93d149747e122cb9c80267\"},\"headline\":\"Leteck\u00e9 z\u00e1bery pr\u00e1zdnej Bratislavy po\u010das najtvrd\u0161ieho lockdownu &#8211; 03\\\/2020\",\"datePublished\":\"2022-02-04T18:05:18+00:00\",\"dateModified\":\"2022-08-18T12:04:19+00:00\",\"mainEntityOfPage\":{\"@id\":\"https:\\\/\\\/zdronu.sk\\\/letecke-zabery-prazdnej-bratislavy-pocas-najtvrdsieho-lockdownu-03-2020\\\/\"},\"wordCount\":17,\"publisher\":{\"@id\":\"https:\\\/\\\/zdronu.sk\\\/#organization\"},\"image\":{\"@id\":\"https:\\\/\\\/zdronu.sk\\\/letecke-zabery-prazdnej-bratislavy-pocas-najtvrdsieho-lockdownu-03-2020\\\/#primaryimage\"},\"thumbnailUrl\":\"https:\\\/\\\/zdronu.sk\\\/wp-content\\\/uploads\\\/2022\\\/02\\\/CovidBA.jpg\",\"articleSection\":[\"video\"],\"inLanguage\":\"en-GB\"},{\"@type\":\"WebPage\",\"@id\":\"https:\\\/\\\/zdronu.sk\\\/letecke-zabery-prazdnej-bratislavy-pocas-najtvrdsieho-lockdownu-03-2020\\\/\",\"url\":\"https:\\\/\\\/zdronu.sk\\\/letecke-zabery-prazdnej-bratislavy-pocas-najtvrdsieho-lockdownu-03-2020\\\/\",\"name\":\"Leteck\u00e9 z\u00e1bery pr\u00e1zdnej Bratislavy po\u010das najtvrd\u0161ieho lockdownu - 03\\\/2020 | Zdronu\",\"isPartOf\":{\"@id\":\"https:\\\/\\\/zdronu.sk\\\/#website\"},\"primaryImageOfPage\":{\"@id\":\"https:\\\/\\\/zdronu.sk\\\/letecke-zabery-prazdnej-bratislavy-pocas-najtvrdsieho-lockdownu-03-2020\\\/#primaryimage\"},\"image\":{\"@id\":\"https:\\\/\\\/zdronu.sk\\\/letecke-zabery-prazdnej-bratislavy-pocas-najtvrdsieho-lockdownu-03-2020\\\/#primaryimage\"},\"thumbnailUrl\":\"https:\\\/\\\/zdronu.sk\\\/wp-content\\\/uploads\\\/2022\\\/02\\\/CovidBA.jpg\",\"datePublished\":\"2022-02-04T18:05:18+00:00\",\"dateModified\":\"2022-08-18T12:04:19+00:00\",\"breadcrumb\":{\"@id\":\"https:\\\/\\\/zdronu.sk\\\/letecke-zabery-prazdnej-bratislavy-pocas-najtvrdsieho-lockdownu-03-2020\\\/#breadcrumb\"},\"inLanguage\":\"en-GB\",\"potentialAction\":[{\"@type\":\"ReadAction\",\"target\":[\"https:\\\/\\\/zdronu.sk\\\/letecke-zabery-prazdnej-bratislavy-pocas-najtvrdsieho-lockdownu-03-2020\\\/\"]}]},{\"@type\":\"ImageObject\",\"inLanguage\":\"en-GB\",\"@id\":\"https:\\\/\\\/zdronu.sk\\\/letecke-zabery-prazdnej-bratislavy-pocas-najtvrdsieho-lockdownu-03-2020\\\/#primaryimage\",\"url\":\"https:\\\/\\\/zdronu.sk\\\/wp-content\\\/uploads\\\/2022\\\/02\\\/CovidBA.jpg\",\"contentUrl\":\"https:\\\/\\\/zdronu.sk\\\/wp-content\\\/uploads\\\/2022\\\/02\\\/CovidBA.jpg\",\"width\":1280,\"height\":720,\"caption\":\"N\u00e1pis videa\"},{\"@type\":\"BreadcrumbList\",\"@id\":\"https:\\\/\\\/zdronu.sk\\\/letecke-zabery-prazdnej-bratislavy-pocas-najtvrdsieho-lockdownu-03-2020\\\/#breadcrumb\",\"itemListElement\":[{\"@type\":\"ListItem\",\"position\":1,\"name\":\"Home\",\"item\":\"https:\\\/\\\/zdronu.sk\\\/\"},{\"@type\":\"ListItem\",\"position\":2,\"name\":\"Leteck\u00e9 z\u00e1bery pr\u00e1zdnej Bratislavy po\u010das najtvrd\u0161ieho lockdownu &#8211; 03\\\/2020\"}]},{\"@type\":\"WebSite\",\"@id\":\"https:\\\/\\\/zdronu.sk\\\/#website\",\"url\":\"https:\\\/\\\/zdronu.sk\\\/\",\"name\":\"Zdronu\",\"description\":\"Profesion\u00e1lne leteck\u00e9 z\u00e1bery z dronu\",\"publisher\":{\"@id\":\"https:\\\/\\\/zdronu.sk\\\/#organization\"},\"alternateName\":\"Z dronu\",\"potentialAction\":[{\"@type\":\"SearchAction\",\"target\":{\"@type\":\"EntryPoint\",\"urlTemplate\":\"https:\\\/\\\/zdronu.sk\\\/?s={search_term_string}\"},\"query-input\":{\"@type\":\"PropertyValueSpecification\",\"valueRequired\":true,\"valueName\":\"search_term_string\"}}],\"inLanguage\":\"en-GB\"},{\"@type\":\"Organization\",\"@id\":\"https:\\\/\\\/zdronu.sk\\\/#organization\",\"name\":\"Zdronu\",\"alternateName\":\"Z dronu\",\"url\":\"https:\\\/\\\/zdronu.sk\\\/\",\"logo\":{\"@type\":\"ImageObject\",\"inLanguage\":\"en-GB\",\"@id\":\"https:\\\/\\\/zdronu.sk\\\/#\\\/schema\\\/logo\\\/image\\\/\",\"url\":\"https:\\\/\\\/zdronu.sk\\\/wp-content\\\/uploads\\\/2022\\\/12\\\/Zdronu-black4.png\",\"contentUrl\":\"https:\\\/\\\/zdronu.sk\\\/wp-content\\\/uploads\\\/2022\\\/12\\\/Zdronu-black4.png\",\"width\":800,\"height\":500,\"caption\":\"Zdronu\"},\"image\":{\"@id\":\"https:\\\/\\\/zdronu.sk\\\/#\\\/schema\\\/logo\\\/image\\\/\"}},{\"@type\":\"Person\",\"@id\":\"https:\\\/\\\/zdronu.sk\\\/#\\\/schema\\\/person\\\/072a6dfb6a93d149747e122cb9c80267\",\"name\":\"Richard Raymann\",\"url\":\"https:\\\/\\\/zdronu.sk\\\/en\\\/author\\\/riso\\\/\"}]}<\/script>\n<!-- \/ Yoast SEO plugin. -->","yoast_head_json":{"title":"Leteck\u00e9 z\u00e1bery pr\u00e1zdnej Bratislavy po\u010das najtvrd\u0161ieho lockdownu - 03\/2020 | Zdronu","robots":{"index":"noindex","follow":"follow"},"og_locale":"en_GB","og_type":"article","og_title":"Leteck\u00e9 z\u00e1bery pr\u00e1zdnej Bratislavy po\u010das najtvrd\u0161ieho lockdownu - 03\/2020 | Zdronu","og_url":"https:\/\/zdronu.sk\/en\/letecke-zabery-prazdnej-bratislavy-pocas-najtvrdsieho-lockdownu-03-2020\/","og_site_name":"Zdronu","article_published_time":"2022-02-04T18:05:18+00:00","article_modified_time":"2022-08-18T12:04:19+00:00","og_image":[{"width":1280,"height":720,"url":"https:\/\/zdronu.sk\/wp-content\/uploads\/2022\/02\/CovidBA.jpg","type":"image\/jpeg"}],"author":"Richard Raymann","twitter_card":"summary_large_image","twitter_misc":{"Written by":"Richard Raymann"},"schema":{"@context":"https:\/\/schema.org","@graph":[{"@type":"Article","@id":"https:\/\/zdronu.sk\/letecke-zabery-prazdnej-bratislavy-pocas-najtvrdsieho-lockdownu-03-2020\/#article","isPartOf":{"@id":"https:\/\/zdronu.sk\/letecke-zabery-prazdnej-bratislavy-pocas-najtvrdsieho-lockdownu-03-2020\/"},"author":{"name":"Richard Raymann","@id":"https:\/\/zdronu.sk\/#\/schema\/person\/072a6dfb6a93d149747e122cb9c80267"},"headline":"Leteck\u00e9 z\u00e1bery pr\u00e1zdnej Bratislavy po\u010das najtvrd\u0161ieho lockdownu &#8211; 03\/2020","datePublished":"2022-02-04T18:05:18+00:00","dateModified":"2022-08-18T12:04:19+00:00","mainEntityOfPage":{"@id":"https:\/\/zdronu.sk\/letecke-zabery-prazdnej-bratislavy-pocas-najtvrdsieho-lockdownu-03-2020\/"},"wordCount":17,"publisher":{"@id":"https:\/\/zdronu.sk\/#organization"},"image":{"@id":"https:\/\/zdronu.sk\/letecke-zabery-prazdnej-bratislavy-pocas-najtvrdsieho-lockdownu-03-2020\/#primaryimage"},"thumbnailUrl":"https:\/\/zdronu.sk\/wp-content\/uploads\/2022\/02\/CovidBA.jpg","articleSection":["video"],"inLanguage":"en-GB"},{"@type":"WebPage","@id":"https:\/\/zdronu.sk\/letecke-zabery-prazdnej-bratislavy-pocas-najtvrdsieho-lockdownu-03-2020\/","url":"https:\/\/zdronu.sk\/letecke-zabery-prazdnej-bratislavy-pocas-najtvrdsieho-lockdownu-03-2020\/","name":"Leteck\u00e9 z\u00e1bery pr\u00e1zdnej Bratislavy po\u010das najtvrd\u0161ieho lockdownu - 03\/2020 | Zdronu","isPartOf":{"@id":"https:\/\/zdronu.sk\/#website"},"primaryImageOfPage":{"@id":"https:\/\/zdronu.sk\/letecke-zabery-prazdnej-bratislavy-pocas-najtvrdsieho-lockdownu-03-2020\/#primaryimage"},"image":{"@id":"https:\/\/zdronu.sk\/letecke-zabery-prazdnej-bratislavy-pocas-najtvrdsieho-lockdownu-03-2020\/#primaryimage"},"thumbnailUrl":"https:\/\/zdronu.sk\/wp-content\/uploads\/2022\/02\/CovidBA.jpg","datePublished":"2022-02-04T18:05:18+00:00","dateModified":"2022-08-18T12:04:19+00:00","breadcrumb":{"@id":"https:\/\/zdronu.sk\/letecke-zabery-prazdnej-bratislavy-pocas-najtvrdsieho-lockdownu-03-2020\/#breadcrumb"},"inLanguage":"en-GB","potentialAction":[{"@type":"ReadAction","target":["https:\/\/zdronu.sk\/letecke-zabery-prazdnej-bratislavy-pocas-najtvrdsieho-lockdownu-03-2020\/"]}]},{"@type":"ImageObject","inLanguage":"en-GB","@id":"https:\/\/zdronu.sk\/letecke-zabery-prazdnej-bratislavy-pocas-najtvrdsieho-lockdownu-03-2020\/#primaryimage","url":"https:\/\/zdronu.sk\/wp-content\/uploads\/2022\/02\/CovidBA.jpg","contentUrl":"https:\/\/zdronu.sk\/wp-content\/uploads\/2022\/02\/CovidBA.jpg","width":1280,"height":720,"caption":"N\u00e1pis videa"},{"@type":"BreadcrumbList","@id":"https:\/\/zdronu.sk\/letecke-zabery-prazdnej-bratislavy-pocas-najtvrdsieho-lockdownu-03-2020\/#breadcrumb","itemListElement":[{"@type":"ListItem","position":1,"name":"Home","item":"https:\/\/zdronu.sk\/"},{"@type":"ListItem","position":2,"name":"Leteck\u00e9 z\u00e1bery pr\u00e1zdnej Bratislavy po\u010das najtvrd\u0161ieho lockdownu &#8211; 03\/2020"}]},{"@type":"WebSite","@id":"https:\/\/zdronu.sk\/#website","url":"https:\/\/zdronu.sk\/","name":"Source","description":"Professional aerial drone footage","publisher":{"@id":"https:\/\/zdronu.sk\/#organization"},"alternateName":"Z dronu","potentialAction":[{"@type":"SearchAction","target":{"@type":"EntryPoint","urlTemplate":"https:\/\/zdronu.sk\/?s={search_term_string}"},"query-input":{"@type":"PropertyValueSpecification","valueRequired":true,"valueName":"search_term_string"}}],"inLanguage":"en-GB"},{"@type":"Organization","@id":"https:\/\/zdronu.sk\/#organization","name":"Source","alternateName":"Z dronu","url":"https:\/\/zdronu.sk\/","logo":{"@type":"ImageObject","inLanguage":"en-GB","@id":"https:\/\/zdronu.sk\/#\/schema\/logo\/image\/","url":"https:\/\/zdronu.sk\/wp-content\/uploads\/2022\/12\/Zdronu-black4.png","contentUrl":"https:\/\/zdronu.sk\/wp-content\/uploads\/2022\/12\/Zdronu-black4.png","width":800,"height":500,"caption":"Zdronu"},"image":{"@id":"https:\/\/zdronu.sk\/#\/schema\/logo\/image\/"}},{"@type":"Person","@id":"https:\/\/zdronu.sk\/#\/schema\/person\/072a6dfb6a93d149747e122cb9c80267","name":"Richard Raymann","url":"https:\/\/zdronu.sk\/en\/author\/riso\/"}]}},"_links":{"self":[{"href":"https:\/\/zdronu.sk\/en\/wp-json\/wp\/v2\/posts\/3654","targetHints":{"allow":["GET"]}}],"collection":[{"href":"https:\/\/zdronu.sk\/en\/wp-json\/wp\/v2\/posts"}],"about":[{"href":"https:\/\/zdronu.sk\/en\/wp-json\/wp\/v2\/types\/post"}],"author":[{"embeddable":true,"href":"https:\/\/zdronu.sk\/en\/wp-json\/wp\/v2\/users\/3"}],"replies":[{"embeddable":true,"href":"https:\/\/zdronu.sk\/en\/wp-json\/wp\/v2\/comments?post=3654"}],"version-history":[{"count":1,"href":"https:\/\/zdronu.sk\/en\/wp-json\/wp\/v2\/posts\/3654\/revisions"}],"predecessor-version":[{"id":3656,"href":"https:\/\/zdronu.sk\/en\/wp-json\/wp\/v2\/posts\/3654\/revisions\/3656"}],"wp:featuredmedia":[{"embeddable":true,"href":"https:\/\/zdronu.sk\/en\/wp-json\/wp\/v2\/media\/5491"}],"wp:attachment":[{"href":"https:\/\/zdronu.sk\/en\/wp-json\/wp\/v2\/media?parent=3654"}],"wp:term":[{"taxonomy":"category","embeddable":true,"href":"https:\/\/zdronu.sk\/en\/wp-json\/wp\/v2\/categories?post=3654"},{"taxonomy":"post_tag","embeddable":true,"href":"https:\/\/zdronu.sk\/en\/wp-json\/wp\/v2\/tags?post=3654"}],"curies":[{"name":"wp","href":"https:\/\/api.w.org\/{rel}","templated":true}]}}